{"id":671,"date":"2021-10-27T12:23:19","date_gmt":"2021-10-27T12:23:19","guid":{"rendered":"http:\/\/forstersreise.de\/?p=671"},"modified":"2021-10-28T16:31:11","modified_gmt":"2021-10-28T16:31:11","slug":"macaronrezept-fuer-anfaenger","status":"publish","type":"post","link":"http:\/\/forstersreise.de\/?p=671","title":{"rendered":"Macaronrezept f\u00fcr Anf\u00e4nger"},"content":{"rendered":"\n<p><\/p>\n\n\n\n<p>Rezept<\/p>\n\n\n\n<p>80g Eiwei\u00df (Zimmertemperatur)<br>75g Zucker<br>95g blanchierte gemahlene Mandeln<br>85g Puderzucker<\/p>\n\n\n\n<p>Zubereitung:<\/p>\n\n\n\n<ul class=\"wp-block-list\"><li>Die Zutaten mit den Schneebesen langsam verr\u00fchren, damit die Masse fluffig bleibt. <\/li><li>Die Masse auf das Backblech mit Backpapier in gleichm\u00e4\u00dfigen Kreisen (kann man mit dem Bleistift vorzeichnen) auftragen. Aufpassen! Die Masse wird dann leicht fl\u00fcssig. <\/li><li>Lasst die Masse nun so eine Weile stehen, bis sich eine kleine, harte Schicht bildet<\/li><li>Den Backhofen vorheizen auf 100\u00b0C Umluft<\/li><li>Bei 100\u00b0C mit gekippter T\u00fcr (z.B. Holzl\u00f6ffel) 3 min trocknen lassen<\/li><li>Im Anschluss auf 145\u00b0C mit leicht ge\u00f6ffneter T\u00fcre hochschalten<\/li><li>Sind die 145\u00b0C erreicht, die Ofent\u00fcr schlie\u00dfen und 15 min backen<br>nach der Backzeit Ofen ausschalten und bei leicht ge\u00f6ffneter T\u00fcr Macarons 2 min ruhen lassen<br><br>Viel Spa\u00df beim Nachmachen<br>Created by Hanna und Banien<br><br>Quelle der Inspiration:<br>MIRACULOUS <br>ICH BIN LADYBUG, BRINGE DIR GL\u00dcCK UND GLAUBE FEST DAS ES GELINGT&#8230;<br><\/li><\/ul>\n","protected":false},"excerpt":{"rendered":"<p>Rezept 80g Eiwei\u00df (Zimmertemperatur)75g Zucker95g blanchierte gemahlene Mandeln85g Puderzucker Zubereitung: Die Zutaten mit den Schneebesen langsam verr\u00fchren, damit die Masse fluffig bleibt. Die Masse auf das Backblech mit Backpapier in gleichm\u00e4\u00dfigen Kreisen (kann man mit dem Bleistift vorzeichnen) auftragen. Aufpassen! Die Masse wird dann leicht fl\u00fcssig. Lasst die Masse nun so eine Weile stehen, bis sich eine kleine, harte Schicht bildet Den Backhofen vorheizen auf 100\u00b0C Umluft Bei 100\u00b0C mit gekippter T\u00fcr (z.B. Holzl\u00f6ffel) 3 min trocknen lassen Im Anschluss auf 145\u00b0C mit leicht ge\u00f6ffneter T\u00fcre hochschalten Sind die 145\u00b0C erreicht, die Ofent\u00fcr schlie\u00dfen und 15 min backennach der Backzeit Ofen ausschalten und bei leicht ge\u00f6ffneter T\u00fcr Macarons 2 min ruhen lassen Viel Spa\u00df beim NachmachenCreated by Hanna und Banien Quelle der Inspiration:MIRACULOUS ICH BIN LADYBUG, BRINGE DIR GL\u00dcCK UND GLAUBE FEST DAS ES GELINGT&#8230;<\/p>\n","protected":false},"author":14,"featured_media":783,"comment_status":"closed","ping_status":"open","sticky":false,"template":"","format":"standard","meta":{"footnotes":""},"categories":[1],"tags":[],"class_list":["post-671","post","type-post","status-publish","format-standard","has-post-thumbnail","hentry","category-basteltipps"],"_links":{"self":[{"href":"http:\/\/forstersreise.de\/index.php?rest_route=\/wp\/v2\/posts\/671","targetHints":{"allow":["GET"]}}],"collection":[{"href":"http:\/\/forstersreise.de\/index.php?rest_route=\/wp\/v2\/posts"}],"about":[{"href":"http:\/\/forstersreise.de\/index.php?rest_route=\/wp\/v2\/types\/post"}],"author":[{"embeddable":true,"href":"http:\/\/forstersreise.de\/index.php?rest_route=\/wp\/v2\/users\/14"}],"replies":[{"embeddable":true,"href":"http:\/\/forstersreise.de\/index.php?rest_route=%2Fwp%2Fv2%2Fcomments&post=671"}],"version-history":[{"count":4,"href":"http:\/\/forstersreise.de\/index.php?rest_route=\/wp\/v2\/posts\/671\/revisions"}],"predecessor-version":[{"id":835,"href":"http:\/\/forstersreise.de\/index.php?rest_route=\/wp\/v2\/posts\/671\/revisions\/835"}],"wp:featuredmedia":[{"embeddable":true,"href":"http:\/\/forstersreise.de\/index.php?rest_route=\/wp\/v2\/media\/783"}],"wp:attachment":[{"href":"http:\/\/forstersreise.de\/index.php?rest_route=%2Fwp%2Fv2%2Fmedia&parent=671"}],"wp:term":[{"taxonomy":"category","embeddable":true,"href":"http:\/\/forstersreise.de\/index.php?rest_route=%2Fwp%2Fv2%2Fcategories&post=671"},{"taxonomy":"post_tag","embeddable":true,"href":"http:\/\/forstersreise.de\/index.php?rest_route=%2Fwp%2Fv2%2Ftags&post=671"}],"curies":[{"name":"wp","href":"https:\/\/api.w.org\/{rel}","templated":true}]}}