{"id":527,"date":"2021-06-14T14:41:23","date_gmt":"2021-06-14T14:41:23","guid":{"rendered":"http:\/\/forstersreise.de\/?p=527"},"modified":"2021-10-28T16:23:04","modified_gmt":"2021-10-28T16:23:04","slug":"corona","status":"publish","type":"post","link":"http:\/\/forstersreise.de\/?p=527","title":{"rendered":"Corona &#8211; Ein Gedicht"},"content":{"rendered":"\n<p class=\"has-text-align-center\">Immer nur das Gleiche,<\/p>\n\n\n\n<p class=\"has-text-align-center\">Corona ist ja immer da.<\/p>\n\n\n\n<p class=\"has-text-align-center\">In Ferien keine Lust auf Streiche<\/p>\n\n\n\n<p class=\"has-text-align-center\">und das schon ein ganzes Jahr.<br><\/p>\n\n\n\n<p class=\"has-text-align-center\">Immer bl\u00f6de Masken tragen<\/p>\n\n\n\n<p class=\"has-text-align-center\">zweimal Coronatests die Woche,<\/p>\n\n\n\n<p class=\"has-text-align-center\">ich kann es  nicht ertagen.<\/p>\n\n\n\n<p class=\"has-text-align-center\">Sport mit Maske, in meinem Kopf Gepoche.<br><\/p>\n\n\n\n<p class=\"has-text-align-center\">Zum Gl\u00fccke geht die Inzidenz<\/p>\n\n\n\n<p class=\"has-text-align-center\">von Corona weiter runter,<\/p>\n\n\n\n<p class=\"has-text-align-center\">Mit Hilfe des Unterrichts in Pr\u00e4senz<\/p>\n\n\n\n<p class=\"has-text-align-center\">werden Sch\u00fcler wieder munter.<br><\/p>\n\n\n\n<p class=\"has-text-align-center\">Wann wird der bl\u00f6de Virus <\/p>\n\n\n\n<p class=\"has-text-align-center\">wohl wieder ganz weg sein?<\/p>\n\n\n\n<p class=\"has-text-align-center\">Bald wirds auch wieder 20\u00b0Celsius.<\/p>\n\n\n\n<p class=\"has-text-align-center\">Corona bef\u00e4llt auch Schaf und Schwein.<br><\/p>\n\n\n\n<p class=\"has-text-align-center\">Aber habt noch Mut<\/p>\n\n\n\n<p class=\"has-text-align-center\">und gibt  ja nicht auf!<\/p>\n\n\n\n<p class=\"has-text-align-center\">Die Pest ist ein alter Hut,<\/p>\n\n\n\n<p class=\"has-text-align-center\">die Impfung nimmt ihren Lauf.<\/p>\n\n\n\n<p><\/p>\n","protected":false},"excerpt":{"rendered":"<p>Immer nur das Gleiche, Corona ist ja immer da. In Ferien keine Lust auf Streiche und das schon ein ganzes Jahr. Immer bl\u00f6de Masken tragen zweimal Coronatests die Woche, ich kann es nicht ertagen. Sport mit Maske, in meinem Kopf Gepoche. Zum Gl\u00fccke geht die Inzidenz von Corona weiter runter, Mit Hilfe des Unterrichts in Pr\u00e4senz werden Sch\u00fcler wieder munter. Wann wird der bl\u00f6de Virus wohl wieder ganz weg sein? Bald wirds auch wieder 20\u00b0Celsius. Corona bef\u00e4llt auch Schaf und Schwein. Aber habt noch Mut und gibt ja nicht auf! Die Pest ist ein alter Hut, die Impfung nimmt ihren Lauf.<\/p>\n","protected":false},"author":21,"featured_media":844,"comment_status":"closed","ping_status":"open","sticky":false,"template":"","format":"standard","meta":{"footnotes":""},"categories":[7,5],"tags":[],"class_list":["post-527","post","type-post","status-publish","format-standard","has-post-thumbnail","hentry","category-aktuelles","category-kreatives"],"_links":{"self":[{"href":"http:\/\/forstersreise.de\/index.php?rest_route=\/wp\/v2\/posts\/527","targetHints":{"allow":["GET"]}}],"collection":[{"href":"http:\/\/forstersreise.de\/index.php?rest_route=\/wp\/v2\/posts"}],"about":[{"href":"http:\/\/forstersreise.de\/index.php?rest_route=\/wp\/v2\/types\/post"}],"author":[{"embeddable":true,"href":"http:\/\/forstersreise.de\/index.php?rest_route=\/wp\/v2\/users\/21"}],"replies":[{"embeddable":true,"href":"http:\/\/forstersreise.de\/index.php?rest_route=%2Fwp%2Fv2%2Fcomments&post=527"}],"version-history":[{"count":6,"href":"http:\/\/forstersreise.de\/index.php?rest_route=\/wp\/v2\/posts\/527\/revisions"}],"predecessor-version":[{"id":553,"href":"http:\/\/forstersreise.de\/index.php?rest_route=\/wp\/v2\/posts\/527\/revisions\/553"}],"wp:featuredmedia":[{"embeddable":true,"href":"http:\/\/forstersreise.de\/index.php?rest_route=\/wp\/v2\/media\/844"}],"wp:attachment":[{"href":"http:\/\/forstersreise.de\/index.php?rest_route=%2Fwp%2Fv2%2Fmedia&parent=527"}],"wp:term":[{"taxonomy":"category","embeddable":true,"href":"http:\/\/forstersreise.de\/index.php?rest_route=%2Fwp%2Fv2%2Fcategories&post=527"},{"taxonomy":"post_tag","embeddable":true,"href":"http:\/\/forstersreise.de\/index.php?rest_route=%2Fwp%2Fv2%2Ftags&post=527"}],"curies":[{"name":"wp","href":"https:\/\/api.w.org\/{rel}","templated":true}]}}