{"id":4253,"date":"2026-04-21T12:59:31","date_gmt":"2026-04-21T12:59:31","guid":{"rendered":"http:\/\/forstersreise.de\/?p=4253"},"modified":"2026-04-21T12:59:32","modified_gmt":"2026-04-21T12:59:32","slug":"social-media-verbot","status":"publish","type":"post","link":"http:\/\/forstersreise.de\/?p=4253","title":{"rendered":"Social Media-Verbot?"},"content":{"rendered":"\n<p>In vielen L\u00e4ndern weltweit wird gerade \u00fcber ein Social Media-Verbot f\u00fcr Kinder und Jugendliche nachgedacht. Auch in Deutschland wird viel diskutiert und das Verbot in Betracht gezogen. Wir haben uns lange mit dem Thema auseinandergesetzt und eine Pro- und Contraliste erstellt.<\/p>\n\n\n\n<p>Was sind eigentlich die Vorteile von Social Media bei Kindern und Jugendlichen?<\/p>\n\n\n\n<p>PRO:<\/p>\n\n\n\n<ul class=\"wp-block-list\">\n<li>man kann sehr viel Wissen sammeln<\/li>\n\n\n\n<li>man kann online Freunde finden (wenn man vorsichtig ist)<\/li>\n\n\n\n<li>es ist ein Geldquelle, wenn man Videos macht (und erfolgreich ist)<\/li>\n\n\n\n<li>es ist eine Freizeitbesch\u00e4ftigung<\/li>\n\n\n\n<li>man kann Inspirationen sammeln<\/li>\n\n\n\n<li>auf Themen aufmerksam machen<\/li>\n\n\n\n<li>es macht Spa\u00df<\/li>\n\n\n\n<li>es kann Gespr\u00e4chsthemen bei Kinder aufrufen<\/li>\n\n\n\n<li>man kann sich von Problemen ablenken<\/li>\n<\/ul>\n\n\n\n<p>Und was sind die Nachteile von Social Media f\u00fcr Kinder und Jugendliche?<\/p>\n\n\n\n<p>CONTRA:<\/p>\n\n\n\n<ul class=\"wp-block-list\">\n<li>Suchtgefahr<\/li>\n\n\n\n<li>man kann Kontakt zu fremden Personen aufbauen<\/li>\n\n\n\n<li>Gefahren lauern im Netz<\/li>\n\n\n\n<li>Cybermobbing<\/li>\n\n\n\n<li>Gewalt im Internet<\/li>\n\n\n\n<li>Fake-News (und Kinder glauben es)<\/li>\n\n\n\n<li>Hacker<\/li>\n\n\n\n<li>Kinder werden abgelenkt<\/li>\n\n\n\n<li>Kinder wollen lieber im Internet surfen, statt andere Hobbys zu betreiben<\/li>\n<\/ul>\n\n\n\n<p>Insgesamt k\u00f6nnte man sagen, dass Social Media eine gro\u00dfe Gefahrenquelle sein kann. Man kann aber auch viel Spa\u00df dabei haben. Falls ihr soziale Medien nutzt, passt bitte auf euch auf und seid immer skeptisch!<\/p>\n","protected":false},"excerpt":{"rendered":"<p>In vielen L\u00e4ndern weltweit wird gerade \u00fcber ein Social Media-Verbot f\u00fcr Kinder und Jugendliche nachgedacht. Auch in Deutschland wird viel diskutiert und das Verbot in Betracht gezogen. Wir haben uns lange mit dem Thema auseinandergesetzt und eine Pro- und Contraliste erstellt. Was sind eigentlich die Vorteile von Social Media bei Kindern und Jugendlichen? PRO: Und was sind die Nachteile von Social Media f\u00fcr Kinder und Jugendliche? CONTRA: Insgesamt k\u00f6nnte man sagen, dass Social Media eine gro\u00dfe Gefahrenquelle sein kann. Man kann aber auch viel Spa\u00df dabei haben. Falls ihr soziale Medien nutzt, passt bitte auf euch auf und seid immer skeptisch!<\/p>\n","protected":false},"author":63,"featured_media":4272,"comment_status":"closed","ping_status":"open","sticky":false,"template":"","format":"standard","meta":{"footnotes":""},"categories":[3],"tags":[],"class_list":["post-4253","post","type-post","status-publish","format-standard","has-post-thumbnail","hentry","category-die-reise"],"_links":{"self":[{"href":"http:\/\/forstersreise.de\/index.php?rest_route=\/wp\/v2\/posts\/4253","targetHints":{"allow":["GET"]}}],"collection":[{"href":"http:\/\/forstersreise.de\/index.php?rest_route=\/wp\/v2\/posts"}],"about":[{"href":"http:\/\/forstersreise.de\/index.php?rest_route=\/wp\/v2\/types\/post"}],"author":[{"embeddable":true,"href":"http:\/\/forstersreise.de\/index.php?rest_route=\/wp\/v2\/users\/63"}],"replies":[{"embeddable":true,"href":"http:\/\/forstersreise.de\/index.php?rest_route=%2Fwp%2Fv2%2Fcomments&post=4253"}],"version-history":[{"count":2,"href":"http:\/\/forstersreise.de\/index.php?rest_route=\/wp\/v2\/posts\/4253\/revisions"}],"predecessor-version":[{"id":4273,"href":"http:\/\/forstersreise.de\/index.php?rest_route=\/wp\/v2\/posts\/4253\/revisions\/4273"}],"wp:featuredmedia":[{"embeddable":true,"href":"http:\/\/forstersreise.de\/index.php?rest_route=\/wp\/v2\/media\/4272"}],"wp:attachment":[{"href":"http:\/\/forstersreise.de\/index.php?rest_route=%2Fwp%2Fv2%2Fmedia&parent=4253"}],"wp:term":[{"taxonomy":"category","embeddable":true,"href":"http:\/\/forstersreise.de\/index.php?rest_route=%2Fwp%2Fv2%2Fcategories&post=4253"},{"taxonomy":"post_tag","embeddable":true,"href":"http:\/\/forstersreise.de\/index.php?rest_route=%2Fwp%2Fv2%2Ftags&post=4253"}],"curies":[{"name":"wp","href":"https:\/\/api.w.org\/{rel}","templated":true}]}}