{"id":4182,"date":"2026-04-21T12:54:33","date_gmt":"2026-04-21T12:54:33","guid":{"rendered":"http:\/\/forstersreise.de\/?p=4182"},"modified":"2026-04-21T13:00:23","modified_gmt":"2026-04-21T13:00:23","slug":"kunst-vom-gfg-werke-von-schueler-innen-in-der-orangerie","status":"publish","type":"post","link":"http:\/\/forstersreise.de\/?p=4182","title":{"rendered":"Kunst vom GFG- Werke von Sch\u00fcler\/-innen in der Orangerie"},"content":{"rendered":"\n<p>Stillleben, Selbstportraits, Zeichnungen aller Art und vieles mehr. All das wurde vor Kurzem in der Orangerie am Kloster Kamp ausgestellt.<\/p>\n\n\n\n<p>Diese Kunstwerke wurden von Sch\u00fclerinnen und Sch\u00fclern unserer Schule kreiert. In diesem Artikel findet ihr eine Zusammenfassung von den Ausstellungsst\u00fccken und am Ende unsere Meinung zu diesen. <\/p>\n\n\n\n<figure class=\"wp-block-image size-large\"><img loading=\"lazy\" decoding=\"async\" width=\"1024\" height=\"839\" src=\"http:\/\/forstersreise.de\/wp-content\/uploads\/2026\/04\/IMG_2431-1024x839.jpg\" alt=\"\" class=\"wp-image-4265\" srcset=\"http:\/\/forstersreise.de\/wp-content\/uploads\/2026\/04\/IMG_2431-1024x839.jpg 1024w, http:\/\/forstersreise.de\/wp-content\/uploads\/2026\/04\/IMG_2431-300x246.jpg 300w, http:\/\/forstersreise.de\/wp-content\/uploads\/2026\/04\/IMG_2431-768x629.jpg 768w, http:\/\/forstersreise.de\/wp-content\/uploads\/2026\/04\/IMG_2431-1140x934.jpg 1140w, http:\/\/forstersreise.de\/wp-content\/uploads\/2026\/04\/IMG_2431.jpg 1170w\" sizes=\"auto, (max-width: 1024px) 100vw, 1024px\" \/><figcaption class=\"wp-element-caption\">Screenshot<\/figcaption><\/figure>\n\n\n\n<p>Wenn man die Ausstellung betrat, fielen einem zuerst die Bilder der f\u00fcnften Klassen auf. Diese hat sich mit dem Thema Frieden besch\u00e4ftigt und das konnte man auch deutlich erkennen: Peace-Zeichen, Friedenstauben und weitere Symbole zierten die Wand.<\/p>\n\n\n\n<figure class=\"wp-block-image size-large\"><img loading=\"lazy\" decoding=\"async\" width=\"790\" height=\"1024\" src=\"http:\/\/forstersreise.de\/wp-content\/uploads\/2026\/04\/IMG_2429-790x1024.jpg\" alt=\"\" class=\"wp-image-4264\" srcset=\"http:\/\/forstersreise.de\/wp-content\/uploads\/2026\/04\/IMG_2429-790x1024.jpg 790w, http:\/\/forstersreise.de\/wp-content\/uploads\/2026\/04\/IMG_2429-232x300.jpg 232w, http:\/\/forstersreise.de\/wp-content\/uploads\/2026\/04\/IMG_2429-768x995.jpg 768w, http:\/\/forstersreise.de\/wp-content\/uploads\/2026\/04\/IMG_2429.jpg 988w\" sizes=\"auto, (max-width: 790px) 100vw, 790px\" \/><\/figure>\n\n\n\n<p>Daneben befanden sich die &#8220;Action-Painting&#8221; Bilder der Kunst-AG, geleitet Frau Br\u00f6cking. Ebenfalls von der Kunst-AG hing dort eine gro\u00dfe Graffiti Leinwand, auf der das Motto &#8220;Anders sein ist Stark sein&#8221; stand.<\/p>\n\n\n\n<figure class=\"wp-block-image size-large\"><img loading=\"lazy\" decoding=\"async\" width=\"1024\" height=\"763\" src=\"http:\/\/forstersreise.de\/wp-content\/uploads\/2026\/04\/IMG_2428-1-1024x763.jpg\" alt=\"\" class=\"wp-image-4263\" srcset=\"http:\/\/forstersreise.de\/wp-content\/uploads\/2026\/04\/IMG_2428-1-1024x763.jpg 1024w, http:\/\/forstersreise.de\/wp-content\/uploads\/2026\/04\/IMG_2428-1-300x224.jpg 300w, http:\/\/forstersreise.de\/wp-content\/uploads\/2026\/04\/IMG_2428-1-768x572.jpg 768w, http:\/\/forstersreise.de\/wp-content\/uploads\/2026\/04\/IMG_2428-1-1140x850.jpg 1140w, http:\/\/forstersreise.de\/wp-content\/uploads\/2026\/04\/IMG_2428-1.jpg 1170w\" sizes=\"auto, (max-width: 1024px) 100vw, 1024px\" \/><figcaption class=\"wp-element-caption\">Screenshot<\/figcaption><\/figure>\n\n\n\n<p>Wenn man weiter ging, sah man Bilder aus den siebten Klassen, die mit selbst geschnitzten Stempeln erstellt worden sind. Die sechste Klasse hat sich mit dem Thema Traumzimmer besch\u00e4ftigt und hat dieses aus Kartons und anderen Materialien gebaut.<\/p>\n\n\n\n<p><\/p>\n\n\n\n<p>Sch\u00fcler der Oberstufe befassten sich mit ernsteren Themen, wie zum Beispiel PTSD (einer psychischen Krankheit) und kreierten dazu Gipsabdr\u00fccke, die dies darstellen sollten. Gipsmasken wurden ebenfalls ausgestellt.<\/p>\n\n\n\n<p>Auf der rechten Seite der Orangerie befanden sich geschnitzte Seifenbl\u00f6cke in der Form von menschlichen Torsos (Oberk\u00f6rpern)<\/p>\n\n\n\n<p>Weiter gings mit weiteren Arbeiten der Kunst-AG, und zwar Graffitibilder, auch Tags genannt, jedoch waren es diesmal einzelne Arbeiten der Teilnehmer. Abschlie\u00dfend wurden noch Selbstportrait der Oberstufe und Arbeiten einzelner Sch\u00fcler\/-innen ausgestellt.<\/p>\n\n\n\n<figure class=\"wp-block-image size-large\"><img loading=\"lazy\" decoding=\"async\" width=\"764\" height=\"1024\" src=\"http:\/\/forstersreise.de\/wp-content\/uploads\/2026\/04\/IMG_2432-764x1024.jpg\" alt=\"\" class=\"wp-image-4266\" srcset=\"http:\/\/forstersreise.de\/wp-content\/uploads\/2026\/04\/IMG_2432-764x1024.jpg 764w, http:\/\/forstersreise.de\/wp-content\/uploads\/2026\/04\/IMG_2432-224x300.jpg 224w, http:\/\/forstersreise.de\/wp-content\/uploads\/2026\/04\/IMG_2432-768x1030.jpg 768w, http:\/\/forstersreise.de\/wp-content\/uploads\/2026\/04\/IMG_2432-1145x1536.jpg 1145w, http:\/\/forstersreise.de\/wp-content\/uploads\/2026\/04\/IMG_2432-1140x1529.jpg 1140w, http:\/\/forstersreise.de\/wp-content\/uploads\/2026\/04\/IMG_2432.jpg 1155w\" sizes=\"auto, (max-width: 764px) 100vw, 764px\" \/><figcaption class=\"wp-element-caption\">Screenshot<\/figcaption><\/figure>\n\n\n\n<p>Wenn man die Treppen nach oben ging, sah man verschiedene Stillleben mit \u00d6l- und Acrylfarbe und Zeichenb\u00fccher mehrerer Sch\u00fcler. Die letzten ausgestellten Bilder waren Zeichnungen von Wiesen und Blumen der f\u00fcnften Klassen. <\/p>\n\n\n\n\n\n<p>Wir fanden die Ausstellung der Orangerie wirklich sehr interessant und nat\u00fcrlich auch kreativ. Es gab viel zu sehen und es war sch\u00f6n, dass es Ausstellungsst\u00fccke von allen Jahrgangsstufen gab.<\/p>\n\n\n\n<p>Lara &amp; Laureen (\u273f\u25e1\u203f\u25e1)<\/p>\n","protected":false},"excerpt":{"rendered":"<p>Stillleben, Selbstportraits, Zeichnungen aller Art und vieles mehr. All das wurde vor Kurzem in der Orangerie am Kloster Kamp ausgestellt. Diese Kunstwerke wurden von Sch\u00fclerinnen und Sch\u00fclern unserer Schule kreiert. In diesem Artikel findet ihr eine Zusammenfassung von den Ausstellungsst\u00fccken und am Ende unsere Meinung zu diesen. Wenn man die Ausstellung betrat, fielen einem zuerst die Bilder der f\u00fcnften Klassen auf. Diese hat sich mit dem Thema Frieden besch\u00e4ftigt und das konnte man auch deutlich erkennen: Peace-Zeichen, Friedenstauben und weitere Symbole zierten die Wand. Daneben befanden sich die &#8220;Action-Painting&#8221; Bilder der Kunst-AG, geleitet Frau Br\u00f6cking. Ebenfalls von der Kunst-AG hing dort eine gro\u00dfe Graffiti Leinwand, auf der das Motto &#8220;Anders sein ist Stark sein&#8221; stand. Wenn man weiter ging, sah man Bilder aus den siebten Klassen, die mit selbst geschnitzten Stempeln erstellt worden sind. Die sechste Klasse hat sich mit dem Thema Traumzimmer besch\u00e4ftigt und hat dieses aus Kartons und anderen Materialien gebaut. Sch\u00fcler der Oberstufe befassten sich mit ernsteren Themen, wie zum Beispiel PTSD (einer psychischen Krankheit) und kreierten dazu Gipsabdr\u00fccke, die dies darstellen sollten. Gipsmasken wurden ebenfalls ausgestellt. Auf der rechten Seite der Orangerie befanden sich geschnitzte Seifenbl\u00f6cke in der Form von menschlichen Torsos (Oberk\u00f6rpern) Weiter gings mit weiteren Arbeiten der Kunst-AG, und zwar Graffitibilder, auch Tags genannt, jedoch waren es diesmal einzelne Arbeiten der Teilnehmer. Abschlie\u00dfend wurden noch Selbstportrait der Oberstufe und Arbeiten einzelner Sch\u00fcler\/-innen ausgestellt. Wenn man die Treppen nach oben ging, sah man verschiedene Stillleben mit \u00d6l- und Acrylfarbe und Zeichenb\u00fccher mehrerer Sch\u00fcler. Die letzten ausgestellten Bilder waren Zeichnungen von Wiesen und Blumen der f\u00fcnften Klassen. Wir fanden die Ausstellung der Orangerie wirklich sehr interessant und nat\u00fcrlich auch kreativ. Es gab viel zu sehen und es war sch\u00f6n, dass es Ausstellungsst\u00fccke von allen Jahrgangsstufen gab. Lara &amp; Laureen (\u273f\u25e1\u203f\u25e1)<\/p>\n","protected":false},"author":52,"featured_media":4263,"comment_status":"closed","ping_status":"open","sticky":false,"template":"","format":"standard","meta":{"footnotes":""},"categories":[3,6,8],"tags":[],"class_list":["post-4182","post","type-post","status-publish","format-standard","has-post-thumbnail","hentry","category-die-reise","category-rezensionen","category-schulisches"],"_links":{"self":[{"href":"http:\/\/forstersreise.de\/index.php?rest_route=\/wp\/v2\/posts\/4182","targetHints":{"allow":["GET"]}}],"collection":[{"href":"http:\/\/forstersreise.de\/index.php?rest_route=\/wp\/v2\/posts"}],"about":[{"href":"http:\/\/forstersreise.de\/index.php?rest_route=\/wp\/v2\/types\/post"}],"author":[{"embeddable":true,"href":"http:\/\/forstersreise.de\/index.php?rest_route=\/wp\/v2\/users\/52"}],"replies":[{"embeddable":true,"href":"http:\/\/forstersreise.de\/index.php?rest_route=%2Fwp%2Fv2%2Fcomments&post=4182"}],"version-history":[{"count":5,"href":"http:\/\/forstersreise.de\/index.php?rest_route=\/wp\/v2\/posts\/4182\/revisions"}],"predecessor-version":[{"id":4268,"href":"http:\/\/forstersreise.de\/index.php?rest_route=\/wp\/v2\/posts\/4182\/revisions\/4268"}],"wp:featuredmedia":[{"embeddable":true,"href":"http:\/\/forstersreise.de\/index.php?rest_route=\/wp\/v2\/media\/4263"}],"wp:attachment":[{"href":"http:\/\/forstersreise.de\/index.php?rest_route=%2Fwp%2Fv2%2Fmedia&parent=4182"}],"wp:term":[{"taxonomy":"category","embeddable":true,"href":"http:\/\/forstersreise.de\/index.php?rest_route=%2Fwp%2Fv2%2Fcategories&post=4182"},{"taxonomy":"post_tag","embeddable":true,"href":"http:\/\/forstersreise.de\/index.php?rest_route=%2Fwp%2Fv2%2Ftags&post=4182"}],"curies":[{"name":"wp","href":"https:\/\/api.w.org\/{rel}","templated":true}]}}