{"id":4170,"date":"2026-03-10T14:03:05","date_gmt":"2026-03-10T14:03:05","guid":{"rendered":"http:\/\/forstersreise.de\/?p=4170"},"modified":"2026-03-10T14:03:06","modified_gmt":"2026-03-10T14:03:06","slug":"fastenzeit-im-christentum-und-islam","status":"publish","type":"post","link":"http:\/\/forstersreise.de\/?p=4170","title":{"rendered":"Fastenzeit im Christentum und Islam"},"content":{"rendered":"\n<p>Es ist wieder so weit: Ramadan und die christliche Fastenzeit hat begonnen. Nur dieses Jahr ist die Besonderheit, dass die beiden Fastenzeiten am selben Tag begannen. Das ist extrem selten und kam das letzte Mal im Jahre 1863 vor. Dennoch unterscheiden sich die beiden Arte von Fasten stark voneinander. Wir haben einige Sch\u00fcler gefragt, zu welcher Religion sie geh\u00f6ren und was sie \u00fcber das Fasten denken. Hier sind die Antworten:<\/p>\n\n\n\n<p><\/p>\n\n\n\n<p><strong>Christliche Sch\u00fcler:<\/strong><\/p>\n\n\n\n<p>Gr\u00fcnde von fastenden Sch\u00fclern, warum sie Fasten und Bedeutung des Fastens:<\/p>\n\n\n\n<ul class=\"wp-block-list\">\n<li>wichtiger Wert<\/li>\n\n\n\n<li>um Gott n\u00e4her zu kommen<\/li>\n\n\n\n<li>um auch auf sein Verhalten zu schauen und es zu bessern<\/li>\n\n\n\n<li>man ist achtsamer in der Zeit<\/li>\n\n\n\n<li>tiefgr\u00fcndige Bedeutung<\/li>\n\n\n\n<li>man m\u00f6chte sein Fasten Gott zeigen und es ihm beweisen<\/li>\n\n\n\n<li>es ist Tradition<\/li>\n\n\n\n<li>es ist der Glaube<\/li>\n\n\n\n<li>man achtet mehr auf die Gesundheit<\/li>\n\n\n\n<li>man besch\u00e4ftigt sich mehr mit dem Glauben<\/li>\n\n\n\n<li>Bindung zu Gott<\/li>\n\n\n\n<li>F\u00f6rderung des Geistes<\/li>\n\n\n\n<li>man zeigt dem Gott, dass man zu ihm steht<\/li>\n\n\n\n<li>Osterzeit hat begonnen<\/li>\n<\/ul>\n\n\n\n<p>Gr\u00fcnde von nicht-fastenden Sch\u00fclern, warum sie es nicht tun:<\/p>\n\n\n\n<ul class=\"wp-block-list\">\n<li>es ist nicht so wichtig<\/li>\n\n\n\n<li>keinen Bezug zum Fasten<\/li>\n\n\n\n<li>man f\u00fchlt sich nicht gezwungen zum Fasten<\/li>\n\n\n\n<li>keine wirkliche Bedeutung<\/li>\n\n\n\n<li>in der Kultur keine wirklich gro\u00dfe Bedeutung<\/li>\n<\/ul>\n\n\n\n<p><strong>Islamische Sch\u00fcler:<\/strong><\/p>\n\n\n\n<p>Gr\u00fcnde von Fastenden Sch\u00fclern, warum sie fasten und Bedeutung des Fastens:<\/p>\n\n\n\n<ul class=\"wp-block-list\">\n<li>es hat hohe, gro\u00dfe und besondere Bedeutung<\/li>\n\n\n\n<li>es st\u00e4rkt den Glauben<\/li>\n\n\n\n<li>weil es eine Pflicht ist und man dieser nachgehen m\u00f6chte<\/li>\n\n\n\n<li>man kann verstehen wie es Menschen geht, die nichts zu Essen haben<\/li>\n\n\n\n<li>es ist ein Gebot des Gottes<\/li>\n\n\n\n<li>man m\u00f6chte Gott gl\u00fccklich machen<\/li>\n\n\n\n<li>man m\u00f6chte n\u00e4her zu Gott kommen<\/li>\n\n\n\n<li>das Fasten hat nur positive Effekte<\/li>\n<\/ul>\n\n\n\n<p>Gr\u00fcnde von nicht-fastenden Sch\u00fclern, warum sie es nicht tun:<\/p>\n\n\n\n<ul class=\"wp-block-list\">\n<li>Eine Person der Befragten sagt ,,Nein.&#8221; es ist keine Begr\u00fcndung vorhanden.<\/li>\n<\/ul>\n\n\n\n<p><strong>Sch\u00fcler mit einer anderen oder keiner Religion:<\/strong><\/p>\n\n\n\n<p>Gr\u00fcnde:<\/p>\n\n\n\n<ul class=\"wp-block-list\">\n<li>keine Bedeutung<\/li>\n\n\n\n<li>man sieht keinen Grund zum Fasten<\/li>\n<\/ul>\n\n\n\n<p><\/p>\n\n\n\n<p>Insgesamt kann man sagen, dass viele Sch\u00fcler fasten, ob christlich oder islamisch, da sie gute Gr\u00fcnde daf\u00fcr haben. Viele der Befragten fasten aber auch nicht, weil das Fasten keine gro\u00dfe Bedeutung f\u00fcr sie hat. Wir hoffen, diese Umfrage hat euch gefallen und w\u00fcnschen euch noch eine sch\u00f6ne und besinnliche Fastenzeit! \ud83d\ude42<\/p>\n","protected":false},"excerpt":{"rendered":"<p>Es ist wieder so weit: Ramadan und die christliche Fastenzeit hat begonnen. Nur dieses Jahr ist die Besonderheit, dass die beiden Fastenzeiten am selben Tag begannen. Das ist extrem selten und kam das letzte Mal im Jahre 1863 vor. Dennoch unterscheiden sich die beiden Arte von Fasten stark voneinander. Wir haben einige Sch\u00fcler gefragt, zu welcher Religion sie geh\u00f6ren und was sie \u00fcber das Fasten denken. Hier sind die Antworten: Christliche Sch\u00fcler: Gr\u00fcnde von fastenden Sch\u00fclern, warum sie Fasten und Bedeutung des Fastens: Gr\u00fcnde von nicht-fastenden Sch\u00fclern, warum sie es nicht tun: Islamische Sch\u00fcler: Gr\u00fcnde von Fastenden Sch\u00fclern, warum sie fasten und Bedeutung des Fastens: Gr\u00fcnde von nicht-fastenden Sch\u00fclern, warum sie es nicht tun: Sch\u00fcler mit einer anderen oder keiner Religion: Gr\u00fcnde: Insgesamt kann man sagen, dass viele Sch\u00fcler fasten, ob christlich oder islamisch, da sie gute Gr\u00fcnde daf\u00fcr haben. Viele der Befragten fasten aber auch nicht, weil das Fasten keine gro\u00dfe Bedeutung f\u00fcr sie hat. Wir hoffen, diese Umfrage hat euch gefallen und w\u00fcnschen euch noch eine sch\u00f6ne und besinnliche Fastenzeit! \ud83d\ude42<\/p>\n","protected":false},"author":63,"featured_media":4201,"comment_status":"closed","ping_status":"open","sticky":false,"template":"","format":"standard","meta":{"footnotes":""},"categories":[3],"tags":[],"class_list":["post-4170","post","type-post","status-publish","format-standard","has-post-thumbnail","hentry","category-die-reise"],"_links":{"self":[{"href":"http:\/\/forstersreise.de\/index.php?rest_route=\/wp\/v2\/posts\/4170","targetHints":{"allow":["GET"]}}],"collection":[{"href":"http:\/\/forstersreise.de\/index.php?rest_route=\/wp\/v2\/posts"}],"about":[{"href":"http:\/\/forstersreise.de\/index.php?rest_route=\/wp\/v2\/types\/post"}],"author":[{"embeddable":true,"href":"http:\/\/forstersreise.de\/index.php?rest_route=\/wp\/v2\/users\/63"}],"replies":[{"embeddable":true,"href":"http:\/\/forstersreise.de\/index.php?rest_route=%2Fwp%2Fv2%2Fcomments&post=4170"}],"version-history":[{"count":2,"href":"http:\/\/forstersreise.de\/index.php?rest_route=\/wp\/v2\/posts\/4170\/revisions"}],"predecessor-version":[{"id":4199,"href":"http:\/\/forstersreise.de\/index.php?rest_route=\/wp\/v2\/posts\/4170\/revisions\/4199"}],"wp:featuredmedia":[{"embeddable":true,"href":"http:\/\/forstersreise.de\/index.php?rest_route=\/wp\/v2\/media\/4201"}],"wp:attachment":[{"href":"http:\/\/forstersreise.de\/index.php?rest_route=%2Fwp%2Fv2%2Fmedia&parent=4170"}],"wp:term":[{"taxonomy":"category","embeddable":true,"href":"http:\/\/forstersreise.de\/index.php?rest_route=%2Fwp%2Fv2%2Fcategories&post=4170"},{"taxonomy":"post_tag","embeddable":true,"href":"http:\/\/forstersreise.de\/index.php?rest_route=%2Fwp%2Fv2%2Ftags&post=4170"}],"curies":[{"name":"wp","href":"https:\/\/api.w.org\/{rel}","templated":true}]}}