{"id":398,"date":"2020-12-09T14:58:10","date_gmt":"2020-12-09T14:58:10","guid":{"rendered":"http:\/\/forstersreise.de\/?p=398"},"modified":"2021-10-28T16:34:41","modified_gmt":"2021-10-28T16:34:41","slug":"interview-zur-weihnachtlichen-schmueckaktion-der-5c","status":"publish","type":"post","link":"http:\/\/forstersreise.de\/?p=398","title":{"rendered":"Interview zur weihnachtlichen Schm\u00fcckaktion der 5c"},"content":{"rendered":"\n<p>ForstersReise interviewte eine Sch\u00fclerin namens Katharina, Louisa und Hannes aus der 5c, als sie und ihre Klasse deren Klassenraum weihnachtlich geschm\u00fcckt haben. Daf\u00fcr hatten sich fast alle Sch\u00fclerinnen und Sch\u00fcler der Klasse nachmittags getroffen.<\/p>\n\n\n\n<div class=\"wp-block-image\"><figure class=\"alignright size-large is-resized\"><img loading=\"lazy\" decoding=\"async\" src=\"http:\/\/forstersreise.de\/wp-content\/uploads\/2020\/12\/IMG_20201126_140706-edited-scaled.jpg\" alt=\"\" class=\"wp-image-426\" width=\"308\" height=\"411\" srcset=\"http:\/\/forstersreise.de\/wp-content\/uploads\/2020\/12\/IMG_20201126_140706-edited-scaled.jpg 1921w, http:\/\/forstersreise.de\/wp-content\/uploads\/2020\/12\/IMG_20201126_140706-edited-225x300.jpg 225w, http:\/\/forstersreise.de\/wp-content\/uploads\/2020\/12\/IMG_20201126_140706-edited-768x1024.jpg 768w, http:\/\/forstersreise.de\/wp-content\/uploads\/2020\/12\/IMG_20201126_140706-edited-1152x1536.jpg 1152w, http:\/\/forstersreise.de\/wp-content\/uploads\/2020\/12\/IMG_20201126_140706-edited-1537x2048.jpg 1537w\" sizes=\"auto, (max-width: 308px) 100vw, 308px\" \/><figcaption>Die meisten Sch\u00fcler haben die Fenster mit Fensterstiften bemalt.<\/figcaption><\/figure><\/div>\n\n\n\n<p>ForstersReise: Feierst du Weihnachten?<\/p>\n\n\n\n<p>Katharina: Ja.<\/p>\n\n\n\n<p>ForstersReise: Wieso schm\u00fcckt ihr den Klassenraum?<\/p>\n\n\n\n<p>Katharina: Weil es sch\u00f6n und weihnachtlich aussieht und es Spa\u00df macht, den Klassenraum zu schm\u00fccken.<\/p>\n\n\n\n<p>ForstersReise: Womit schm\u00fcckt ihr den Klassenraum?<\/p>\n\n\n\n<p>Hannes: Wir arbeiten mit Fensterfarbe, Bastelsachen, Wichteln, Tannenzapfen&#8230;<\/p>\n\n\n\n<p>ForstersReise: Wie seid ihr drauf gekommen, den Klassenraum  zu schm\u00fccken?<\/p>\n\n\n\n<p>Katharina: Eine Freundin von mir hatte die Idee und Herr Brandes hat die Idee durchgesetzt.<\/p>\n\n\n\n<p>ForstersReise: Werdet ihr wichteln? Wenn ja, wie?<\/p>\n\n\n\n<p>Katharina: Ja, wir haben einen Namen gezogen und wir sollen f\u00fcr 7 Euro ein Geschenk kaufen.<\/p>\n\n\n\n<p>ForstersReise: Was werdet ihr noch Weihnachtliches machen?<\/p>\n\n\n\n<p>Hannes: Wir stellen einen Tannenbaum auf und einen Adventskranz. Au\u00dferdem machen eine kleine Weihnachtsfeier am Ende.<\/p>\n","protected":false},"excerpt":{"rendered":"<p>ForstersReise interviewte eine Sch\u00fclerin namens Katharina, Louisa und Hannes aus der 5c, als sie und ihre Klasse deren Klassenraum weihnachtlich geschm\u00fcckt haben. Daf\u00fcr hatten sich fast alle Sch\u00fclerinnen und Sch\u00fcler der Klasse nachmittags getroffen. ForstersReise: Feierst du Weihnachten? Katharina: Ja. ForstersReise: Wieso schm\u00fcckt ihr den Klassenraum? Katharina: Weil es sch\u00f6n und weihnachtlich aussieht und es Spa\u00df macht, den Klassenraum zu schm\u00fccken. ForstersReise: Womit schm\u00fcckt ihr den Klassenraum? Hannes: Wir arbeiten mit Fensterfarbe, Bastelsachen, Wichteln, Tannenzapfen&#8230; ForstersReise: Wie seid ihr drauf gekommen, den Klassenraum zu schm\u00fccken? Katharina: Eine Freundin von mir hatte die Idee und Herr Brandes hat die Idee durchgesetzt. ForstersReise: Werdet ihr wichteln? Wenn ja, wie? Katharina: Ja, wir haben einen Namen gezogen und wir sollen f\u00fcr 7 Euro ein Geschenk kaufen. ForstersReise: Was werdet ihr noch Weihnachtliches machen? Hannes: Wir stellen einen Tannenbaum auf und einen Adventskranz. Au\u00dferdem machen eine kleine Weihnachtsfeier am Ende.<\/p>\n","protected":false},"author":11,"featured_media":424,"comment_status":"closed","ping_status":"open","sticky":false,"template":"","format":"standard","meta":{"footnotes":""},"categories":[5,8],"tags":[],"class_list":["post-398","post","type-post","status-publish","format-standard","has-post-thumbnail","hentry","category-kreatives","category-schulisches"],"_links":{"self":[{"href":"http:\/\/forstersreise.de\/index.php?rest_route=\/wp\/v2\/posts\/398","targetHints":{"allow":["GET"]}}],"collection":[{"href":"http:\/\/forstersreise.de\/index.php?rest_route=\/wp\/v2\/posts"}],"about":[{"href":"http:\/\/forstersreise.de\/index.php?rest_route=\/wp\/v2\/types\/post"}],"author":[{"embeddable":true,"href":"http:\/\/forstersreise.de\/index.php?rest_route=\/wp\/v2\/users\/11"}],"replies":[{"embeddable":true,"href":"http:\/\/forstersreise.de\/index.php?rest_route=%2Fwp%2Fv2%2Fcomments&post=398"}],"version-history":[{"count":7,"href":"http:\/\/forstersreise.de\/index.php?rest_route=\/wp\/v2\/posts\/398\/revisions"}],"predecessor-version":[{"id":855,"href":"http:\/\/forstersreise.de\/index.php?rest_route=\/wp\/v2\/posts\/398\/revisions\/855"}],"wp:featuredmedia":[{"embeddable":true,"href":"http:\/\/forstersreise.de\/index.php?rest_route=\/wp\/v2\/media\/424"}],"wp:attachment":[{"href":"http:\/\/forstersreise.de\/index.php?rest_route=%2Fwp%2Fv2%2Fmedia&parent=398"}],"wp:term":[{"taxonomy":"category","embeddable":true,"href":"http:\/\/forstersreise.de\/index.php?rest_route=%2Fwp%2Fv2%2Fcategories&post=398"},{"taxonomy":"post_tag","embeddable":true,"href":"http:\/\/forstersreise.de\/index.php?rest_route=%2Fwp%2Fv2%2Ftags&post=398"}],"curies":[{"name":"wp","href":"https:\/\/api.w.org\/{rel}","templated":true}]}}