{"id":3557,"date":"2025-01-15T14:17:09","date_gmt":"2025-01-15T14:17:09","guid":{"rendered":"http:\/\/forstersreise.de\/?p=3557"},"modified":"2025-01-16T07:52:20","modified_gmt":"2025-01-16T07:52:20","slug":"wie-reagieren-sozialpaegoginnen-auf-mobbingsituationen-ein-interview-mit-der-sozialpaedagogin-jasmin-schenker","status":"publish","type":"post","link":"http:\/\/forstersreise.de\/?p=3557","title":{"rendered":"Wie reagieren Sozialp\u00e4gog*innen auf Mobbingsituationen? Ein Interview mit der Sozialp\u00e4dagogin Jasmin Schenker"},"content":{"rendered":"\n<p>Da wir gerade eine Reihe mit Artikeln \u00fcber Mobbing f\u00fchren, hatte ich die Gelegenheit, mit der Sozialp\u00e4dagogin Jasmin Schenker \u00fcber das Thema Mobbing zu sprechen.<\/p>\n\n\n\n<ul class=\"wp-block-list\">\n<li><strong>Was genau machen Sie als Sozialp\u00e4dagogin?\u00a0<\/strong><\/li>\n\n\n\n<li>Als Sozialp\u00e4dagogin bin ich in der Kinder- und Jugendhilfe im Bereich der aufsuchenden Familienhilfe t\u00e4tig. Das bedeutet, ich besuche die Familien in ihrem zu Hause. Die Familien haben h\u00e4ufig Probleme in Bereichen wie Trennungen, Scheidungen, Schule und vielem mehr.<\/li>\n\n\n\n<li><strong>Was verstehen Sie unter Mobbing?<\/strong><\/li>\n\n\n\n<li>Unter Mobbing verstehe ich, wenn man bewusst und absichtlich, wiederholt Personen oder Gruppen \u00e4rgert, ausnutzt, blamiert, Kontakt verweigert und auch k\u00f6rperlich \u00fcbergriffig wird, sodass Personen oder Gruppen stark in ihren Selbstwert verletzt werden. Die Folgen sind zum Beispiel: Schlaf- und Konzentrationsst\u00f6rungen, Depressionen, Essst\u00f6rungen, \u00c4ngste, Schulverweigerung bis hin zu Suizidgedanken.<\/li>\n\n\n\n<li><strong>Kommen Sie als Sozialp\u00e4dagogin oft mit Mobbing in Kontakt?<\/strong><\/li>\n\n\n\n<li>Leider t\u00e4glich, da Jugendliche in ihrem Alltag mit vielschichtigen Themen\/ Herausforderungen in Ber\u00fchrung kommen. Zum Beispiel wegen Herkunft, Aussehen, Hautfarbe, sozialer Status, Schulnoten, Geschlecht usw. Diese sind h\u00e4ufig ein N\u00e4hrboden f\u00fcr Mobbing, welches meist unbemerkt und schleichend beginnt.<\/li>\n<\/ul>\n\n\n\n<p>Das war das Interview mit Jasmin Schenker. Ich hoffe, ihr habt einiges dazugelernt und verstanden, dass Mobbing kein Thema zum Spa\u00dfen ist und ernsthafte Folgen haben kann!<\/p>\n\n\n\n<p><\/p>\n","protected":false},"excerpt":{"rendered":"<p>Da wir gerade eine Reihe mit Artikeln \u00fcber Mobbing f\u00fchren, hatte ich die Gelegenheit, mit der Sozialp\u00e4dagogin Jasmin Schenker \u00fcber das Thema Mobbing zu sprechen. Das war das Interview mit Jasmin Schenker. Ich hoffe, ihr habt einiges dazugelernt und verstanden, dass Mobbing kein Thema zum Spa\u00dfen ist und ernsthafte Folgen haben kann!<\/p>\n","protected":false},"author":3,"featured_media":3558,"comment_status":"closed","ping_status":"open","sticky":false,"template":"","format":"standard","meta":{"footnotes":""},"categories":[4,8],"tags":[],"class_list":["post-3557","post","type-post","status-publish","format-standard","has-post-thumbnail","hentry","category-ratgeber","category-schulisches"],"_links":{"self":[{"href":"http:\/\/forstersreise.de\/index.php?rest_route=\/wp\/v2\/posts\/3557","targetHints":{"allow":["GET"]}}],"collection":[{"href":"http:\/\/forstersreise.de\/index.php?rest_route=\/wp\/v2\/posts"}],"about":[{"href":"http:\/\/forstersreise.de\/index.php?rest_route=\/wp\/v2\/types\/post"}],"author":[{"embeddable":true,"href":"http:\/\/forstersreise.de\/index.php?rest_route=\/wp\/v2\/users\/3"}],"replies":[{"embeddable":true,"href":"http:\/\/forstersreise.de\/index.php?rest_route=%2Fwp%2Fv2%2Fcomments&post=3557"}],"version-history":[{"count":2,"href":"http:\/\/forstersreise.de\/index.php?rest_route=\/wp\/v2\/posts\/3557\/revisions"}],"predecessor-version":[{"id":3560,"href":"http:\/\/forstersreise.de\/index.php?rest_route=\/wp\/v2\/posts\/3557\/revisions\/3560"}],"wp:featuredmedia":[{"embeddable":true,"href":"http:\/\/forstersreise.de\/index.php?rest_route=\/wp\/v2\/media\/3558"}],"wp:attachment":[{"href":"http:\/\/forstersreise.de\/index.php?rest_route=%2Fwp%2Fv2%2Fmedia&parent=3557"}],"wp:term":[{"taxonomy":"category","embeddable":true,"href":"http:\/\/forstersreise.de\/index.php?rest_route=%2Fwp%2Fv2%2Fcategories&post=3557"},{"taxonomy":"post_tag","embeddable":true,"href":"http:\/\/forstersreise.de\/index.php?rest_route=%2Fwp%2Fv2%2Ftags&post=3557"}],"curies":[{"name":"wp","href":"https:\/\/api.w.org\/{rel}","templated":true}]}}