{"id":3294,"date":"2024-06-13T13:14:33","date_gmt":"2024-06-13T13:14:33","guid":{"rendered":"http:\/\/forstersreise.de\/?p=3294"},"modified":"2024-06-13T13:14:35","modified_gmt":"2024-06-13T13:14:35","slug":"was-machen-die-lehrer-in-den-ferien","status":"publish","type":"post","link":"http:\/\/forstersreise.de\/?p=3294","title":{"rendered":"Was machen die Lehrer in den Ferien?"},"content":{"rendered":"\n<p>Wir haben folgende Lehrer (Herr Glorius,Herr Winzen,Frau Frommann-Gr\u00fcn,Herr K\u00e4mmer, Herr Conrad und Frau Karthaus) gefragt, was sie in denn Ferien machen, und hier sind die Antworten<\/p>\n\n\n\n<p>Herr Glorius: nach Hause gehen,f\u00fc\u00dfe an die Kellerdecke h\u00e4ngen und aufs neue Schuljahr warten, Spa\u00df, er wei\u00df noch nicht \ud83d\ude00<\/p>\n\n\n\n<p>Frau Karthaus: Kreuzfahrt nach Island und Schottland<\/p>\n\n\n\n<p>Herr Winzen: f\u00e4hrt nach Schottland, besucht Familie, im Garten arbeiten und die erste und letzte Woche in der Schule arbeiten.<\/p>\n\n\n\n<p>Herr Conrad: in der ersten Woche nach Langeoog und in der zweiten nach Weser Bergland<\/p>\n\n\n\n<p>Herr K\u00e4mmer: f\u00e4hrt an die Nordsee, nach Schottland und macht eine Seegelfreizeit<\/p>\n\n\n\n<p>Frau Frommann-Gr\u00fcn: geht in S\u00fcd-Tirol wandern<\/p>\n\n\n\n<p>Das ist der letzte Artikel, den ich dieses Jahr schreibe, ich hoffe, es hat euch gefallen und ich w\u00fcnsche euch und denn Lehrern einen tollen Sommer \ud83d\ude09<\/p>\n\n\n\n<p><\/p>\n","protected":false},"excerpt":{"rendered":"<p>Wir haben folgende Lehrer (Herr Glorius,Herr Winzen,Frau Frommann-Gr\u00fcn,Herr K\u00e4mmer, Herr Conrad und Frau Karthaus) gefragt, was sie in denn Ferien machen, und hier sind die Antworten Herr Glorius: nach Hause gehen,f\u00fc\u00dfe an die Kellerdecke h\u00e4ngen und aufs neue Schuljahr warten, Spa\u00df, er wei\u00df noch nicht \ud83d\ude00 Frau Karthaus: Kreuzfahrt nach Island und Schottland Herr Winzen: f\u00e4hrt nach Schottland, besucht Familie, im Garten arbeiten und die erste und letzte Woche in der Schule arbeiten. Herr Conrad: in der ersten Woche nach Langeoog und in der zweiten nach Weser Bergland Herr K\u00e4mmer: f\u00e4hrt an die Nordsee, nach Schottland und macht eine Seegelfreizeit Frau Frommann-Gr\u00fcn: geht in S\u00fcd-Tirol wandern Das ist der letzte Artikel, den ich dieses Jahr schreibe, ich hoffe, es hat euch gefallen und ich w\u00fcnsche euch und denn Lehrern einen tollen Sommer \ud83d\ude09<\/p>\n","protected":false},"author":55,"featured_media":3301,"comment_status":"closed","ping_status":"open","sticky":false,"template":"","format":"standard","meta":{"footnotes":""},"categories":[3],"tags":[],"class_list":["post-3294","post","type-post","status-publish","format-standard","has-post-thumbnail","hentry","category-die-reise"],"_links":{"self":[{"href":"http:\/\/forstersreise.de\/index.php?rest_route=\/wp\/v2\/posts\/3294","targetHints":{"allow":["GET"]}}],"collection":[{"href":"http:\/\/forstersreise.de\/index.php?rest_route=\/wp\/v2\/posts"}],"about":[{"href":"http:\/\/forstersreise.de\/index.php?rest_route=\/wp\/v2\/types\/post"}],"author":[{"embeddable":true,"href":"http:\/\/forstersreise.de\/index.php?rest_route=\/wp\/v2\/users\/55"}],"replies":[{"embeddable":true,"href":"http:\/\/forstersreise.de\/index.php?rest_route=%2Fwp%2Fv2%2Fcomments&post=3294"}],"version-history":[{"count":3,"href":"http:\/\/forstersreise.de\/index.php?rest_route=\/wp\/v2\/posts\/3294\/revisions"}],"predecessor-version":[{"id":3302,"href":"http:\/\/forstersreise.de\/index.php?rest_route=\/wp\/v2\/posts\/3294\/revisions\/3302"}],"wp:featuredmedia":[{"embeddable":true,"href":"http:\/\/forstersreise.de\/index.php?rest_route=\/wp\/v2\/media\/3301"}],"wp:attachment":[{"href":"http:\/\/forstersreise.de\/index.php?rest_route=%2Fwp%2Fv2%2Fmedia&parent=3294"}],"wp:term":[{"taxonomy":"category","embeddable":true,"href":"http:\/\/forstersreise.de\/index.php?rest_route=%2Fwp%2Fv2%2Fcategories&post=3294"},{"taxonomy":"post_tag","embeddable":true,"href":"http:\/\/forstersreise.de\/index.php?rest_route=%2Fwp%2Fv2%2Ftags&post=3294"}],"curies":[{"name":"wp","href":"https:\/\/api.w.org\/{rel}","templated":true}]}}