{"id":2932,"date":"2023-09-18T12:55:58","date_gmt":"2023-09-18T12:55:58","guid":{"rendered":"http:\/\/forstersreise.de\/?p=2932"},"modified":"2023-09-18T12:56:00","modified_gmt":"2023-09-18T12:56:00","slug":"5-fragen-an-die-neue-chefredakteurin-giulia","status":"publish","type":"post","link":"http:\/\/forstersreise.de\/?p=2932","title":{"rendered":"5 Fragen an die neue Chefredakteurin Giulia"},"content":{"rendered":"\n<p>Seit Anfang dieses Schuljahres ist Giulia die neue Chefredakteurin. Davor war Bleona die Chefredakteurin die ihr Amt an Giulia \u00fcbergeben hat.  Wir haben ihr 5 Fragen gestellt und das waren ihre Antworten:<\/p>\n\n\n\n<p><strong>1. Warum wolltest du Chefredakteurin werden? <\/strong><\/p>\n\n\n\n<p>Ich fand es bei Bleona schon immer sehr cool. Au\u00dferdem habe ich schon 2 Jahre Sch\u00fclerzeitung gemacht und dachte, das w\u00fcrde vielleicht passen. <\/p>\n\n\n\n<p><strong>2. Wie findest kamst du darauf Chefredakteurin zu werden?<\/strong><\/p>\n\n\n\n<p>Auf der R\u00fcckfahrt von Berlin hat Frau Karthaus gemeint, dass ich es ja mal versuchen k\u00f6nnte und ich hatte irgendwie das Gef\u00fchl dass es passt.<\/p>\n\n\n\n<p><strong>3. Wie findest du es bis jetzt?<\/strong><\/p>\n\n\n\n<p>Bis jetzt ganz gut. Aber Respekt an Bleona! <\/p>\n\n\n\n<p><strong>4. Was sind deine Aufgaben als Chefredakteurin?<\/strong> <\/p>\n\n\n\n<p>Ich mache mir immer Gedanken zu der n\u00e4chsten Stunde und zu den Themen. Zwischendurch helfe ich auch den Leuten die hier auch dabei sind. Au\u00dferdem gebe ich Infos weiter. <\/p>\n\n\n\n<p><strong>5. M\u00f6chtest du n\u00e4chstes mal wieder antreten?<\/strong><\/p>\n\n\n\n<p>Ich muss erstmal gucken wie es so ist. Aber wahrscheinlich schon. <\/p>\n\n\n\n<p>Lara und Laureen:) <\/p>\n\n\n\n<p><\/p>\n\n\n\n<p><\/p>\n\n\n\n<p><\/p>\n\n\n\n<p><\/p>\n\n\n\n<p><\/p>\n\n\n\n<p><\/p>\n\n\n\n<p><\/p>\n\n\n\n<p><\/p>\n\n\n\n<p><\/p>\n\n\n\n<p><\/p>\n\n\n\n<p><\/p>\n\n\n\n<p><\/p>\n\n\n\n<p><\/p>\n\n\n\n<p><\/p>\n\n\n\n<p><\/p>\n\n\n\n<p><\/p>\n\n\n\n<p><\/p>\n","protected":false},"excerpt":{"rendered":"<p>Seit Anfang dieses Schuljahres ist Giulia die neue Chefredakteurin. Davor war Bleona die Chefredakteurin die ihr Amt an Giulia \u00fcbergeben hat. Wir haben ihr 5 Fragen gestellt und das waren ihre Antworten: 1. Warum wolltest du Chefredakteurin werden? Ich fand es bei Bleona schon immer sehr cool. Au\u00dferdem habe ich schon 2 Jahre Sch\u00fclerzeitung gemacht und dachte, das w\u00fcrde vielleicht passen. 2. Wie findest kamst du darauf Chefredakteurin zu werden? Auf der R\u00fcckfahrt von Berlin hat Frau Karthaus gemeint, dass ich es ja mal versuchen k\u00f6nnte und ich hatte irgendwie das Gef\u00fchl dass es passt. 3. Wie findest du es bis jetzt? Bis jetzt ganz gut. Aber Respekt an Bleona! 4. Was sind deine Aufgaben als Chefredakteurin? Ich mache mir immer Gedanken zu der n\u00e4chsten Stunde und zu den Themen. Zwischendurch helfe ich auch den Leuten die hier auch dabei sind. Au\u00dferdem gebe ich Infos weiter. 5. M\u00f6chtest du n\u00e4chstes mal wieder antreten? Ich muss erstmal gucken wie es so ist. Aber wahrscheinlich schon. Lara und Laureen:)<\/p>\n","protected":false},"author":52,"featured_media":2937,"comment_status":"closed","ping_status":"open","sticky":false,"template":"","format":"standard","meta":{"footnotes":""},"categories":[3],"tags":[],"class_list":["post-2932","post","type-post","status-publish","format-standard","has-post-thumbnail","hentry","category-die-reise"],"_links":{"self":[{"href":"http:\/\/forstersreise.de\/index.php?rest_route=\/wp\/v2\/posts\/2932","targetHints":{"allow":["GET"]}}],"collection":[{"href":"http:\/\/forstersreise.de\/index.php?rest_route=\/wp\/v2\/posts"}],"about":[{"href":"http:\/\/forstersreise.de\/index.php?rest_route=\/wp\/v2\/types\/post"}],"author":[{"embeddable":true,"href":"http:\/\/forstersreise.de\/index.php?rest_route=\/wp\/v2\/users\/52"}],"replies":[{"embeddable":true,"href":"http:\/\/forstersreise.de\/index.php?rest_route=%2Fwp%2Fv2%2Fcomments&post=2932"}],"version-history":[{"count":2,"href":"http:\/\/forstersreise.de\/index.php?rest_route=\/wp\/v2\/posts\/2932\/revisions"}],"predecessor-version":[{"id":2939,"href":"http:\/\/forstersreise.de\/index.php?rest_route=\/wp\/v2\/posts\/2932\/revisions\/2939"}],"wp:featuredmedia":[{"embeddable":true,"href":"http:\/\/forstersreise.de\/index.php?rest_route=\/wp\/v2\/media\/2937"}],"wp:attachment":[{"href":"http:\/\/forstersreise.de\/index.php?rest_route=%2Fwp%2Fv2%2Fmedia&parent=2932"}],"wp:term":[{"taxonomy":"category","embeddable":true,"href":"http:\/\/forstersreise.de\/index.php?rest_route=%2Fwp%2Fv2%2Fcategories&post=2932"},{"taxonomy":"post_tag","embeddable":true,"href":"http:\/\/forstersreise.de\/index.php?rest_route=%2Fwp%2Fv2%2Ftags&post=2932"}],"curies":[{"name":"wp","href":"https:\/\/api.w.org\/{rel}","templated":true}]}}