{"id":286,"date":"2020-10-01T13:09:23","date_gmt":"2020-10-01T13:09:23","guid":{"rendered":"http:\/\/forstersreise.de\/?p=286"},"modified":"2021-10-28T16:37:17","modified_gmt":"2021-10-28T16:37:17","slug":"tanzunterricht-waehrend-corona","status":"publish","type":"post","link":"http:\/\/forstersreise.de\/?p=286","title":{"rendered":"TANZUNTERRICHT W\u00c4HREND CORONA"},"content":{"rendered":"\n<p>Wie l\u00e4uft eigentlich Tanzunterricht w\u00e4hrend Corona ab?  Das erz\u00e4hl ich jetzt. <\/p>\n\n\n\n<p>Dieses Jahr sollte  ich eigentlich mit meiner Tanzgruppe an einer Meisterschaft teilnehmen . Das sollte am Anfang erst stattfinden, jedoch konnte das durch Corona leider nicht  stattfinden. Dann war es so, dass unsere Gruppe in zwei  Gruppen aufgeteilt wurde. Nachdem sich die ganze Coronasituation  etwas beruhigt hatte, waren unsere Gruppen wieder zusammen.<\/p>\n\n\n\n<p>Das Training l\u00e4uft dann so ab, dass wir unsere Masken im Tanzraum abziehen d\u00fcrfen. Wir m\u00fcssen, w\u00e4hrend wir tanzen, keinen Abstand halten, jedoch wenn wir z.B. trinken oder reinkommen, Abstand halten. Und wenn wir in die Halle kommen, m\u00fcssen wir uns vorher die H\u00e4nde desinfizieren. <\/p>\n\n\n\n<p><\/p>\n","protected":false},"excerpt":{"rendered":"<p>Wie l\u00e4uft eigentlich Tanzunterricht w\u00e4hrend Corona ab? Das erz\u00e4hl ich jetzt. Dieses Jahr sollte ich eigentlich mit meiner Tanzgruppe an einer Meisterschaft teilnehmen . Das sollte am Anfang erst stattfinden, jedoch konnte das durch Corona leider nicht stattfinden. Dann war es so, dass unsere Gruppe in zwei Gruppen aufgeteilt wurde. Nachdem sich die ganze Coronasituation etwas beruhigt hatte, waren unsere Gruppen wieder zusammen. Das Training l\u00e4uft dann so ab, dass wir unsere Masken im Tanzraum abziehen d\u00fcrfen. Wir m\u00fcssen, w\u00e4hrend wir tanzen, keinen Abstand halten, jedoch wenn wir z.B. trinken oder reinkommen, Abstand halten. Und wenn wir in die Halle kommen, m\u00fcssen wir uns vorher die H\u00e4nde desinfizieren.<\/p>\n","protected":false},"author":7,"featured_media":861,"comment_status":"closed","ping_status":"open","sticky":false,"template":"","format":"standard","meta":{"footnotes":""},"categories":[7],"tags":[],"class_list":["post-286","post","type-post","status-publish","format-standard","has-post-thumbnail","hentry","category-aktuelles"],"_links":{"self":[{"href":"http:\/\/forstersreise.de\/index.php?rest_route=\/wp\/v2\/posts\/286","targetHints":{"allow":["GET"]}}],"collection":[{"href":"http:\/\/forstersreise.de\/index.php?rest_route=\/wp\/v2\/posts"}],"about":[{"href":"http:\/\/forstersreise.de\/index.php?rest_route=\/wp\/v2\/types\/post"}],"author":[{"embeddable":true,"href":"http:\/\/forstersreise.de\/index.php?rest_route=\/wp\/v2\/users\/7"}],"replies":[{"embeddable":true,"href":"http:\/\/forstersreise.de\/index.php?rest_route=%2Fwp%2Fv2%2Fcomments&post=286"}],"version-history":[{"count":6,"href":"http:\/\/forstersreise.de\/index.php?rest_route=\/wp\/v2\/posts\/286\/revisions"}],"predecessor-version":[{"id":344,"href":"http:\/\/forstersreise.de\/index.php?rest_route=\/wp\/v2\/posts\/286\/revisions\/344"}],"wp:featuredmedia":[{"embeddable":true,"href":"http:\/\/forstersreise.de\/index.php?rest_route=\/wp\/v2\/media\/861"}],"wp:attachment":[{"href":"http:\/\/forstersreise.de\/index.php?rest_route=%2Fwp%2Fv2%2Fmedia&parent=286"}],"wp:term":[{"taxonomy":"category","embeddable":true,"href":"http:\/\/forstersreise.de\/index.php?rest_route=%2Fwp%2Fv2%2Fcategories&post=286"},{"taxonomy":"post_tag","embeddable":true,"href":"http:\/\/forstersreise.de\/index.php?rest_route=%2Fwp%2Fv2%2Ftags&post=286"}],"curies":[{"name":"wp","href":"https:\/\/api.w.org\/{rel}","templated":true}]}}