{"id":2262,"date":"2023-01-13T08:08:46","date_gmt":"2023-01-13T08:08:46","guid":{"rendered":"http:\/\/forstersreise.de\/?p=2262"},"modified":"2023-01-13T08:08:48","modified_gmt":"2023-01-13T08:08:48","slug":"kleidungstauschaktion-am-gfg","status":"publish","type":"post","link":"http:\/\/forstersreise.de\/?p=2262","title":{"rendered":"Kleidungstauschaktion am GFG"},"content":{"rendered":"\n<p class=\"has-medium-font-size\">Liebe Sch\u00fcler und Sch\u00fclerinnen, <\/p>\n\n\n\n<p>ich wollte euch \u00fcber die Kleidertausch Aktion am GFG informieren.<\/p>\n\n\n\n<p>Es findet am 25.01.2023 statt von 13:30 Uhr bis 14:30 Uhr im Raum 30. Die Aktion findet f\u00fcr die Klassen 5-7 statt. Wer etwas spenden m\u00f6chte, kann seine alte, \u00fcberfl\u00fcssige Kleidung am 18.01.2023 nach der sechsten Stunde abgeben. Alle Kinder die etwas gespendet haben, d\u00fcrfen sich zuerst etwas Neues aussuchen.      <\/p>\n\n\n\n<p><\/p>\n\n\n\n<p>Diese Aktion wurde von der Umwelt AG organisiert, weil Kleidung zum Teil weggeworfen wird. Dies schadet der Umwelt. Die Umwelt AG will dieses verhindern, indem sie diese Aktion organisieren.<\/p>\n","protected":false},"excerpt":{"rendered":"<p>Liebe Sch\u00fcler und Sch\u00fclerinnen, ich wollte euch \u00fcber die Kleidertausch Aktion am GFG informieren. Es findet am 25.01.2023 statt von 13:30 Uhr bis 14:30 Uhr im Raum 30. Die Aktion findet f\u00fcr die Klassen 5-7 statt. Wer etwas spenden m\u00f6chte, kann seine alte, \u00fcberfl\u00fcssige Kleidung am 18.01.2023 nach der sechsten Stunde abgeben. Alle Kinder die etwas gespendet haben, d\u00fcrfen sich zuerst etwas Neues aussuchen. Diese Aktion wurde von der Umwelt AG organisiert, weil Kleidung zum Teil weggeworfen wird. Dies schadet der Umwelt. Die Umwelt AG will dieses verhindern, indem sie diese Aktion organisieren.<\/p>\n","protected":false},"author":30,"featured_media":2314,"comment_status":"closed","ping_status":"open","sticky":false,"template":"","format":"standard","meta":{"footnotes":""},"categories":[3],"tags":[],"class_list":["post-2262","post","type-post","status-publish","format-standard","has-post-thumbnail","hentry","category-die-reise"],"_links":{"self":[{"href":"http:\/\/forstersreise.de\/index.php?rest_route=\/wp\/v2\/posts\/2262","targetHints":{"allow":["GET"]}}],"collection":[{"href":"http:\/\/forstersreise.de\/index.php?rest_route=\/wp\/v2\/posts"}],"about":[{"href":"http:\/\/forstersreise.de\/index.php?rest_route=\/wp\/v2\/types\/post"}],"author":[{"embeddable":true,"href":"http:\/\/forstersreise.de\/index.php?rest_route=\/wp\/v2\/users\/30"}],"replies":[{"embeddable":true,"href":"http:\/\/forstersreise.de\/index.php?rest_route=%2Fwp%2Fv2%2Fcomments&post=2262"}],"version-history":[{"count":3,"href":"http:\/\/forstersreise.de\/index.php?rest_route=\/wp\/v2\/posts\/2262\/revisions"}],"predecessor-version":[{"id":2298,"href":"http:\/\/forstersreise.de\/index.php?rest_route=\/wp\/v2\/posts\/2262\/revisions\/2298"}],"wp:featuredmedia":[{"embeddable":true,"href":"http:\/\/forstersreise.de\/index.php?rest_route=\/wp\/v2\/media\/2314"}],"wp:attachment":[{"href":"http:\/\/forstersreise.de\/index.php?rest_route=%2Fwp%2Fv2%2Fmedia&parent=2262"}],"wp:term":[{"taxonomy":"category","embeddable":true,"href":"http:\/\/forstersreise.de\/index.php?rest_route=%2Fwp%2Fv2%2Fcategories&post=2262"},{"taxonomy":"post_tag","embeddable":true,"href":"http:\/\/forstersreise.de\/index.php?rest_route=%2Fwp%2Fv2%2Ftags&post=2262"}],"curies":[{"name":"wp","href":"https:\/\/api.w.org\/{rel}","templated":true}]}}