{"id":1628,"date":"2022-05-11T13:04:56","date_gmt":"2022-05-11T13:04:56","guid":{"rendered":"http:\/\/forstersreise.de\/?p=1628"},"modified":"2022-05-11T13:04:58","modified_gmt":"2022-05-11T13:04:58","slug":"interview-mit-einer-abiturientin","status":"publish","type":"post","link":"http:\/\/forstersreise.de\/?p=1628","title":{"rendered":"Interview mit einer Abiturientin"},"content":{"rendered":"\n<p class=\"has-x-large-font-size\">Hallo und herzlich Willkommen zur\u00fcck,<\/p>\n\n\n\n<p>Heute berichte ich euch von einem Interview, welches ich mit einer Abiturientin gef\u00fchrt habe. Da wurden einige Fragen beantwortet, die euch m\u00f6glicherweise zum Abitur und zur Mottowoche interessieren. Das Abimotto dieses Jahres nennt sich Abitendo. Es war wirklich sehr schwer, sich f\u00fcr ein Motto zu entscheiden, da es noch zwei weitere Mottos zur Auswahl gab: Abicetamol und Abico. Welches Motto h\u00e4ttet ihr genommen? <\/p>\n\n\n\n<p>Etwas was man niemals in der Schulzeit vergessen wird ist die Mottowoche. Dort gab es auch sehr abwechslungsreiche Mottos: An Tag eins Kindheitshelden, an Tag zwei kommen wir als Assis, an Tag drei gab es eine Zeitreise, an Tag 4 pr\u00e4sentieren wir unsere Nationalit\u00e4t und Klischees. Am letzten Tag kommen wir mit unseren Abitendo Pullovern. Die Schule werde ich NICHT vermissen! Aber die Momente mit meinen Freunden werde ich wirklich sehr vermissen. Bald stehen die Abiturpr\u00fcfungen an, ich habe vor der Biologiepr\u00fcfung am meisten Angst. Ich f\u00fchle mich noch nicht so gut vorbereitet, aber es ist nicht so als h\u00e4tte ich noch gar nichts gelernt. <\/p>\n\n\n\n<p>Am Tag kommt es drauf an, wie lange ich Schule hatte und wie meine Laune ist zum Lernen. Manchmal kann ich eine Stunde lernen, aber manchmal k\u00f6nnen es sogar f\u00fcnf Stunden werden. Ich habe noch keine Pl\u00e4ne was ich nach der Schule machen m\u00f6chte, ich lasse mich einfach \u00fcberraschen. F\u00fcr unsere Abiparty haben wir einen Raum gemietet, unsere Zeugnisse werden verteilt und unsere Familie und Freunde sind ebenfalls eingeladen. Am Abend wird es eine Party geben. Ich habe noch keinen Song, aber ein paar Ideen habe ich schon. Au\u00dferdem wei\u00df ich noch nicht, was ich am Tag der Abiparty anziehen werde, aber auch hier habe ich mir schon gewisse Gedanken gemacht. Diese Antworten habe ich aus dem Interview entnehmen k\u00f6nnen. Ich hoffe das sich einige Fragen von euch hiermit beantworten konnten.<\/p>\n\n\n\n<p><\/p>\n","protected":false},"excerpt":{"rendered":"<p>Hallo und herzlich Willkommen zur\u00fcck, Heute berichte ich euch von einem Interview, welches ich mit einer Abiturientin gef\u00fchrt habe. Da wurden einige Fragen beantwortet, die euch m\u00f6glicherweise zum Abitur und zur Mottowoche interessieren. Das Abimotto dieses Jahres nennt sich Abitendo. Es war wirklich sehr schwer, sich f\u00fcr ein Motto zu entscheiden, da es noch zwei weitere Mottos zur Auswahl gab: Abicetamol und Abico. Welches Motto h\u00e4ttet ihr genommen? Etwas was man niemals in der Schulzeit vergessen wird ist die Mottowoche. Dort gab es auch sehr abwechslungsreiche Mottos: An Tag eins Kindheitshelden, an Tag zwei kommen wir als Assis, an Tag drei gab es eine Zeitreise, an Tag 4 pr\u00e4sentieren wir unsere Nationalit\u00e4t und Klischees. Am letzten Tag kommen wir mit unseren Abitendo Pullovern. Die Schule werde ich NICHT vermissen! Aber die Momente mit meinen Freunden werde ich wirklich sehr vermissen. Bald stehen die Abiturpr\u00fcfungen an, ich habe vor der Biologiepr\u00fcfung am meisten Angst. Ich f\u00fchle mich noch nicht so gut vorbereitet, aber es ist nicht so als h\u00e4tte ich noch gar nichts gelernt. Am Tag kommt es drauf an, wie lange ich Schule hatte und wie meine Laune ist zum Lernen. Manchmal kann ich eine Stunde lernen, aber manchmal k\u00f6nnen es sogar f\u00fcnf Stunden werden. Ich habe noch keine Pl\u00e4ne was ich nach der Schule machen m\u00f6chte, ich lasse mich einfach \u00fcberraschen. F\u00fcr unsere Abiparty haben wir einen Raum gemietet, unsere Zeugnisse werden verteilt und unsere Familie und Freunde sind ebenfalls eingeladen. Am Abend wird es eine Party geben. Ich habe noch keinen Song, aber ein paar Ideen habe ich schon. Au\u00dferdem wei\u00df ich noch nicht, was ich am Tag der Abiparty anziehen werde, aber auch hier habe ich mir schon gewisse Gedanken gemacht. Diese Antworten habe ich aus dem Interview entnehmen k\u00f6nnen. Ich hoffe das sich einige Fragen von euch hiermit beantworten konnten.<\/p>\n","protected":false},"author":25,"featured_media":1666,"comment_status":"closed","ping_status":"open","sticky":false,"template":"","format":"standard","meta":{"footnotes":""},"categories":[3],"tags":[],"class_list":["post-1628","post","type-post","status-publish","format-standard","has-post-thumbnail","hentry","category-die-reise"],"_links":{"self":[{"href":"http:\/\/forstersreise.de\/index.php?rest_route=\/wp\/v2\/posts\/1628","targetHints":{"allow":["GET"]}}],"collection":[{"href":"http:\/\/forstersreise.de\/index.php?rest_route=\/wp\/v2\/posts"}],"about":[{"href":"http:\/\/forstersreise.de\/index.php?rest_route=\/wp\/v2\/types\/post"}],"author":[{"embeddable":true,"href":"http:\/\/forstersreise.de\/index.php?rest_route=\/wp\/v2\/users\/25"}],"replies":[{"embeddable":true,"href":"http:\/\/forstersreise.de\/index.php?rest_route=%2Fwp%2Fv2%2Fcomments&post=1628"}],"version-history":[{"count":3,"href":"http:\/\/forstersreise.de\/index.php?rest_route=\/wp\/v2\/posts\/1628\/revisions"}],"predecessor-version":[{"id":1667,"href":"http:\/\/forstersreise.de\/index.php?rest_route=\/wp\/v2\/posts\/1628\/revisions\/1667"}],"wp:featuredmedia":[{"embeddable":true,"href":"http:\/\/forstersreise.de\/index.php?rest_route=\/wp\/v2\/media\/1666"}],"wp:attachment":[{"href":"http:\/\/forstersreise.de\/index.php?rest_route=%2Fwp%2Fv2%2Fmedia&parent=1628"}],"wp:term":[{"taxonomy":"category","embeddable":true,"href":"http:\/\/forstersreise.de\/index.php?rest_route=%2Fwp%2Fv2%2Fcategories&post=1628"},{"taxonomy":"post_tag","embeddable":true,"href":"http:\/\/forstersreise.de\/index.php?rest_route=%2Fwp%2Fv2%2Ftags&post=1628"}],"curies":[{"name":"wp","href":"https:\/\/api.w.org\/{rel}","templated":true}]}}