{"id":1336,"date":"2022-02-17T13:34:03","date_gmt":"2022-02-17T13:34:03","guid":{"rendered":"http:\/\/forstersreise.de\/?p=1336"},"modified":"2022-02-17T16:29:53","modified_gmt":"2022-02-17T16:29:53","slug":"sturm-ueber-kamp-lintfort-wichtige-infos","status":"publish","type":"post","link":"http:\/\/forstersreise.de\/?p=1336","title":{"rendered":"Sturm \u00fcber Kamp-Lintfort: Wichtige Infos!"},"content":{"rendered":"\n<p>F\u00fcr Donnerstag, den 17.2., ist ein Orkan \u00fcber Kamp-Lintfort angek\u00fcndigt. Ein Orkan ist ein Sturm, der vornehmlich auf der n\u00f6rdlichen Halbkugel unserer Erde entsteht. Kalte Luft aus der Arktis trifft auf die warme Luft vom \u00c4quator. Der dabei entstehende Wirbelsturm wird ab einer Windst\u00e4rke von 117 km\/h als Orkan bezeichnet. In Nordrhein-Westfalen f\u00e4llt der Unterricht an ALLEN Schulen an diesem Donnerstag wegen des bef\u00fcrchteten Unwetters und der heftigen Sturmb\u00f6en aus. In meiner Klasse haben sich die meisten Kinder sehr gefreut, alle haben laut geschrien. Man konnte sein eigenes Wort nicht verstehen, sodass sogar die Durchsage unseres Schulleiters Herrn Winzen wiederholt werden musste.<\/p>\n\n\n\n<p>Hie sind noch einmal Informationen \u00fcber den Sturm Donnerstag, den 17.2.2022, zusammengefasst:<\/p>\n\n\n\n<figure class=\"wp-block-image size-large is-resized\"><img loading=\"lazy\" decoding=\"async\" src=\"http:\/\/forstersreise.de\/wp-content\/uploads\/2022\/02\/20220216_151500-768x1024.jpg\" alt=\"\" class=\"wp-image-1370\" width=\"630\" height=\"840\" srcset=\"http:\/\/forstersreise.de\/wp-content\/uploads\/2022\/02\/20220216_151500-768x1024.jpg 768w, http:\/\/forstersreise.de\/wp-content\/uploads\/2022\/02\/20220216_151500-225x300.jpg 225w, http:\/\/forstersreise.de\/wp-content\/uploads\/2022\/02\/20220216_151500-1152x1536.jpg 1152w, http:\/\/forstersreise.de\/wp-content\/uploads\/2022\/02\/20220216_151500-1536x2048.jpg 1536w, http:\/\/forstersreise.de\/wp-content\/uploads\/2022\/02\/20220216_151500-1140x1520.jpg 1140w, http:\/\/forstersreise.de\/wp-content\/uploads\/2022\/02\/20220216_151500-scaled.jpg 1920w\" sizes=\"auto, (max-width: 630px) 100vw, 630px\" \/><\/figure>\n\n\n\n<p>Wir hoffen, ihr wisst jetzt mehr \u00fcber St\u00fcrme! Bleibt lieber zuhause und passt auf, wenn ihr nach drau\u00dfen gehen m\u00fcsst!<\/p>\n\n\n\n<p>Artikel von: Zoe und Giulia<\/p>\n\n\n\n<p>Plakat von: Warda <\/p>\n","protected":false},"excerpt":{"rendered":"<p>F\u00fcr Donnerstag, den 17.2., ist ein Orkan \u00fcber Kamp-Lintfort angek\u00fcndigt. Ein Orkan ist ein Sturm, der vornehmlich auf der n\u00f6rdlichen Halbkugel unserer Erde entsteht. Kalte Luft aus der Arktis trifft auf die warme Luft vom \u00c4quator. Der dabei entstehende Wirbelsturm wird ab einer Windst\u00e4rke von 117 km\/h als Orkan bezeichnet. In Nordrhein-Westfalen f\u00e4llt der Unterricht an ALLEN Schulen an diesem Donnerstag wegen des bef\u00fcrchteten Unwetters und der heftigen Sturmb\u00f6en aus. In meiner Klasse haben sich die meisten Kinder sehr gefreut, alle haben laut geschrien. Man konnte sein eigenes Wort nicht verstehen, sodass sogar die Durchsage unseres Schulleiters Herrn Winzen wiederholt werden musste. Hie sind noch einmal Informationen \u00fcber den Sturm Donnerstag, den 17.2.2022, zusammengefasst: Wir hoffen, ihr wisst jetzt mehr \u00fcber St\u00fcrme! Bleibt lieber zuhause und passt auf, wenn ihr nach drau\u00dfen gehen m\u00fcsst! Artikel von: Zoe und Giulia Plakat von: Warda<\/p>\n","protected":false},"author":32,"featured_media":1371,"comment_status":"closed","ping_status":"open","sticky":false,"template":"","format":"standard","meta":{"footnotes":""},"categories":[7,3],"tags":[],"class_list":["post-1336","post","type-post","status-publish","format-standard","has-post-thumbnail","hentry","category-aktuelles","category-die-reise"],"_links":{"self":[{"href":"http:\/\/forstersreise.de\/index.php?rest_route=\/wp\/v2\/posts\/1336","targetHints":{"allow":["GET"]}}],"collection":[{"href":"http:\/\/forstersreise.de\/index.php?rest_route=\/wp\/v2\/posts"}],"about":[{"href":"http:\/\/forstersreise.de\/index.php?rest_route=\/wp\/v2\/types\/post"}],"author":[{"embeddable":true,"href":"http:\/\/forstersreise.de\/index.php?rest_route=\/wp\/v2\/users\/32"}],"replies":[{"embeddable":true,"href":"http:\/\/forstersreise.de\/index.php?rest_route=%2Fwp%2Fv2%2Fcomments&post=1336"}],"version-history":[{"count":4,"href":"http:\/\/forstersreise.de\/index.php?rest_route=\/wp\/v2\/posts\/1336\/revisions"}],"predecessor-version":[{"id":1376,"href":"http:\/\/forstersreise.de\/index.php?rest_route=\/wp\/v2\/posts\/1336\/revisions\/1376"}],"wp:featuredmedia":[{"embeddable":true,"href":"http:\/\/forstersreise.de\/index.php?rest_route=\/wp\/v2\/media\/1371"}],"wp:attachment":[{"href":"http:\/\/forstersreise.de\/index.php?rest_route=%2Fwp%2Fv2%2Fmedia&parent=1336"}],"wp:term":[{"taxonomy":"category","embeddable":true,"href":"http:\/\/forstersreise.de\/index.php?rest_route=%2Fwp%2Fv2%2Fcategories&post=1336"},{"taxonomy":"post_tag","embeddable":true,"href":"http:\/\/forstersreise.de\/index.php?rest_route=%2Fwp%2Fv2%2Ftags&post=1336"}],"curies":[{"name":"wp","href":"https:\/\/api.w.org\/{rel}","templated":true}]}}