{"id":1195,"date":"2022-01-30T14:12:10","date_gmt":"2022-01-30T14:12:10","guid":{"rendered":"http:\/\/forstersreise.de\/?p=1195"},"modified":"2022-01-30T14:12:10","modified_gmt":"2022-01-30T14:12:10","slug":"karnevalkostueme-selber-basteln","status":"publish","type":"post","link":"http:\/\/forstersreise.de\/?p=1195","title":{"rendered":"Karnevalkost\u00fcme selber basteln   : )"},"content":{"rendered":"\n<p class=\"has-medium-font-size\">Hallo Sch\u00fcler und Sch\u00fclerinnen,<\/p>\n\n\n\n<p class=\"has-normal-font-size\">hier k\u00f6nnt ihr sehen, wie ihr selber Karnevalkost\u00fcme basteln k\u00f6nnt. <\/p>\n\n\n\n<p>Ihr k\u00f6nntet euch als <strong>Traube<\/strong> verkleiden. Daf\u00fcr braucht ihr nur gr\u00fcne oder lilane Luftballons, um die Trauben darzustellen und dann musst ihr die Luftballons auf passend farbige Kleidung kleben. Anschlie\u00dfend m\u00fcsst ihr noch die Bl\u00e4tter darstellen. Dies ben\u00f6tigt gr\u00fcne Pappe und einen Stock als Stiel.<\/p>\n\n\n\n<p>Ihr k\u00f6nntet euch auch als <strong>Sushi <\/strong>verkleiden daf\u00fcr braucht ihr wei\u00dfe Kleidung und ein orangenes Kissen. Auf das Kissen klebt ihr wei\u00dfe Moosgummi Streifen. Dann nur noch einen schwarzen breiten G\u00fcrtel. Und dann seid ihr fertig.<\/p>\n\n\n\n<p>Artikel von: Warda und Giulia    : )<\/p>\n\n\n\n<p><\/p>\n\n\n\n<p><\/p>\n\n\n\n<p><\/p>\n\n\n\n<p><\/p>\n\n\n\n<p><\/p>\n\n\n\n<p><\/p>\n\n\n\n<p><\/p>\n\n\n\n<p><\/p>\n\n\n\n<p><\/p>\n\n\n\n<p><\/p>\n\n\n\n<p><\/p>\n\n\n\n<p><\/p>\n\n\n\n<p><\/p>\n\n\n\n<p><\/p>\n\n\n\n<p><\/p>\n\n\n\n<p><\/p>\n\n\n\n<p><\/p>\n\n\n\n<p><\/p>\n\n\n\n<p><\/p>\n\n\n\n<p><\/p>\n\n\n\n<p><\/p>\n\n\n\n<p><\/p>\n\n\n\n<p><\/p>\n\n\n\n<p><\/p>\n\n\n\n<p><\/p>\n\n\n\n<p><\/p>\n\n\n\n<p><\/p>\n\n\n\n<p><\/p>\n\n\n\n<p><\/p>\n\n\n\n<p><\/p>\n\n\n\n<p><\/p>\n\n\n\n<p><\/p>\n\n\n\n<p><\/p>\n\n\n\n<p><\/p>\n\n\n\n<p><\/p>\n\n\n\n<p><\/p>\n\n\n\n<p><\/p>\n\n\n\n<p><\/p>\n\n\n\n<p><\/p>\n\n\n\n<p><\/p>\n\n\n\n<p><\/p>\n\n\n\n<p><\/p>\n\n\n\n<p><\/p>\n\n\n\n<p><\/p>\n\n\n\n<p><\/p>\n\n\n\n<p><\/p>\n\n\n\n<p><\/p>\n\n\n\n<p><\/p>\n\n\n\n<p><\/p>\n\n\n\n<p><\/p>\n\n\n\n<p><\/p>\n\n\n\n<p><\/p>\n\n\n\n<p><\/p>\n\n\n\n<p><\/p>\n\n\n\n<p><\/p>\n\n\n\n<p><\/p>\n\n\n\n<p><\/p>\n\n\n\n<p><\/p>\n\n\n\n<p><\/p>\n\n\n\n<p><\/p>\n\n\n\n<p><\/p>\n\n\n\n<p><\/p>\n\n\n\n<p><\/p>\n\n\n\n<p><\/p>\n\n\n\n<p><\/p>\n\n\n\n<p><\/p>\n\n\n\n<p><\/p>\n\n\n\n<p><\/p>\n\n\n\n<p><\/p>\n\n\n\n<p><\/p>\n\n\n\n<p><\/p>\n\n\n\n<p><\/p>\n\n\n\n<p><\/p>\n\n\n\n<p><\/p>\n\n\n\n<p><\/p>\n\n\n\n<p><\/p>\n\n\n\n<p><\/p>\n\n\n\n<p><\/p>\n\n\n\n<p><\/p>\n\n\n\n<p><\/p>\n\n\n\n<p><\/p>\n\n\n\n<p><\/p>\n\n\n\n<p><\/p>\n\n\n\n<p><\/p>\n\n\n\n<p><\/p>\n\n\n\n<p><\/p>\n\n\n\n<p><\/p>\n\n\n\n<p><\/p>\n\n\n\n<p><\/p>\n\n\n\n<p><\/p>\n\n\n\n<p><\/p>\n\n\n\n<p><\/p>\n\n\n\n<p><\/p>\n\n\n\n<p><\/p>\n\n\n\n<p><\/p>\n\n\n\n<p><\/p>\n\n\n\n<p><\/p>\n\n\n\n<p><\/p>\n\n\n\n<p><\/p>\n\n\n\n<p><\/p>\n","protected":false},"excerpt":{"rendered":"<p>Hallo Sch\u00fcler und Sch\u00fclerinnen, hier k\u00f6nnt ihr sehen, wie ihr selber Karnevalkost\u00fcme basteln k\u00f6nnt. Ihr k\u00f6nntet euch als Traube verkleiden. Daf\u00fcr braucht ihr nur gr\u00fcne oder lilane Luftballons, um die Trauben darzustellen und dann musst ihr die Luftballons auf passend farbige Kleidung kleben. Anschlie\u00dfend m\u00fcsst ihr noch die Bl\u00e4tter darstellen. Dies ben\u00f6tigt gr\u00fcne Pappe und einen Stock als Stiel. Ihr k\u00f6nntet euch auch als Sushi verkleiden daf\u00fcr braucht ihr wei\u00dfe Kleidung und ein orangenes Kissen. Auf das Kissen klebt ihr wei\u00dfe Moosgummi Streifen. Dann nur noch einen schwarzen breiten G\u00fcrtel. Und dann seid ihr fertig. Artikel von: Warda und Giulia : )<\/p>\n","protected":false},"author":32,"featured_media":1246,"comment_status":"closed","ping_status":"open","sticky":false,"template":"","format":"standard","meta":{"footnotes":""},"categories":[5,4],"tags":[],"class_list":["post-1195","post","type-post","status-publish","format-standard","has-post-thumbnail","hentry","category-kreatives","category-ratgeber"],"_links":{"self":[{"href":"http:\/\/forstersreise.de\/index.php?rest_route=\/wp\/v2\/posts\/1195","targetHints":{"allow":["GET"]}}],"collection":[{"href":"http:\/\/forstersreise.de\/index.php?rest_route=\/wp\/v2\/posts"}],"about":[{"href":"http:\/\/forstersreise.de\/index.php?rest_route=\/wp\/v2\/types\/post"}],"author":[{"embeddable":true,"href":"http:\/\/forstersreise.de\/index.php?rest_route=\/wp\/v2\/users\/32"}],"replies":[{"embeddable":true,"href":"http:\/\/forstersreise.de\/index.php?rest_route=%2Fwp%2Fv2%2Fcomments&post=1195"}],"version-history":[{"count":3,"href":"http:\/\/forstersreise.de\/index.php?rest_route=\/wp\/v2\/posts\/1195\/revisions"}],"predecessor-version":[{"id":1247,"href":"http:\/\/forstersreise.de\/index.php?rest_route=\/wp\/v2\/posts\/1195\/revisions\/1247"}],"wp:featuredmedia":[{"embeddable":true,"href":"http:\/\/forstersreise.de\/index.php?rest_route=\/wp\/v2\/media\/1246"}],"wp:attachment":[{"href":"http:\/\/forstersreise.de\/index.php?rest_route=%2Fwp%2Fv2%2Fmedia&parent=1195"}],"wp:term":[{"taxonomy":"category","embeddable":true,"href":"http:\/\/forstersreise.de\/index.php?rest_route=%2Fwp%2Fv2%2Fcategories&post=1195"},{"taxonomy":"post_tag","embeddable":true,"href":"http:\/\/forstersreise.de\/index.php?rest_route=%2Fwp%2Fv2%2Ftags&post=1195"}],"curies":[{"name":"wp","href":"https:\/\/api.w.org\/{rel}","templated":true}]}}